{"id":83,"date":"2026-03-30T10:16:46","date_gmt":"2026-03-30T10:16:46","guid":{"rendered":"https:\/\/wp.als080717od.hemsida.eu\/?p=83"},"modified":"2026-03-30T10:16:46","modified_gmt":"2026-03-30T10:16:46","slug":"m07-uppgift-lagar","status":"publish","type":"post","link":"https:\/\/wp.als080717od.hemsida.eu\/index.php\/2026\/03\/30\/m07-uppgift-lagar\/","title":{"rendered":"M07 Uppgift: Lagar"},"content":{"rendered":"\n<h2 class=\"wp-block-heading\">GDPR, Upphovsr\u00e4ttlagen och CC<\/h2>\n\n\n\n<p>GDPR, Upphovsr\u00e4ttlagen och  CC (Creative Commons) \u00e4r alla viktiga lagar. GDPR f\u00f6r att skydda anv\u00e4ndares information och alltid ha till\u00e5telse att g\u00f6ra det ifall sidan beh\u00f6ver det. Upphovsr\u00e4ttlagen skyddar dina verk s\u00e5som musik, bilder och mer fr\u00e5n att andra ska kunna anv\u00e4nda det, prim\u00e4rt i kommerciellt syfte. Creative Commons underl\u00e4ttar att folk ska kunna anv\u00e4nda dina verk genom att undvika att beh\u00f6va kontakta dig. Du kan du licensiera ditt verk via Creative Commons som erbjuder gratis upphovr\u00e4ttslicenser, d\u00e4r du st\u00e4ller krav p\u00e5 dina verk och hur dom f\u00e5r anv\u00e4ndas, detta inneb\u00e4r att personen som vill anv\u00e4nda ditt verk inte beh\u00f6ver kontakta dig men endast f\u00f6lja villkoren f\u00f6r det du har skapat, till exempel att du inte vill att din bild ska anv\u00e4ndas i kommerciellt syfte.<\/p>\n\n\n\n<h2 class=\"wp-block-heading\">Vad beh\u00f6ver man t\u00e4nka p\u00e5 n\u00e4r man bygger webbsidor?<\/h2>\n\n\n\n<h4 class=\"wp-block-heading\">GDPR<\/h4>\n\n\n\n<p>N\u00e4r man bygger webbsidor \u00e4r det v\u00e4ldigt viktigt att f\u00f6lja GDPR som finns f\u00f6r att skydda anv\u00e4ndares personuppgifter och s\u00e4kerst\u00e4lla att personen godk\u00e4nt att man samlar in information, annars kan man f\u00e5 stora konsekvenser s\u00e5som b\u00f6ter, detta \u00e4r speciellt viktigt ifall du driver f\u00f6retag d\u00e5 b\u00f6tern kan n\u00e5 upp till 4% av den globala \u00e5rsoms\u00e4ttningen. Till exempel b\u00f6tf\u00e4lldes Meta \u00e5r 2023 p\u00e5 en summa av 1,2 miljarder euro, eller 13.5 miljarder SEK.<\/p>\n\n\n\n<h4 class=\"wp-block-heading\">Upphovsr\u00e4ttlagen<\/h4>\n\n\n\n<p>Upphovsr\u00e4ttlagen skyddar dig som skapar, och producerar olika saker som bilder, musik och film. N\u00e4r man som webbutvecklare anv\u00e4nder material \u00e4r det v\u00e4ldigt viktigt att s\u00e4kerst\u00e4lla att man f\u00e5r anv\u00e4nda det materialet man hittar genom att fr\u00e5ga skaparen eller f\u00f6lja kraven ifall det \u00e4r licensierat med Creative Commons. Att bryta mot lagen kan ge b\u00f6ter eller f\u00e4ngelse upp till tv\u00e5 \u00e5r i Sverige.<\/p>\n\n\n\n<h4 class=\"wp-block-heading\">CC (Creative Commons)<\/h4>\n\n\n\n<p>Creative commons finns f\u00f6r att underl\u00e4tta delandet av ditt verk och att det anv\u00e4nds s\u00e5 som du vill. N\u00e4r man bygger en webbsida och hittar det material som man vill ha kan det ibland vara licensierat under CC, detta inneb\u00e4r att du f\u00e5r endast anv\u00e4nda materialet under speciella villkor som skaparen angivit, annars bryter man villkoren vilket inneb\u00e4r att du bryter mot upphovsr\u00e4ttslagen.<\/p>\n\n\n\n<h2 class=\"wp-block-heading\">Vad g\u00f6r jag f\u00f6r s\u00e4kerst\u00e4lla att jag f\u00f6ljer lagarna <\/h2>\n\n\n\n<p>Jag anv\u00e4nder oftast aldrig bilder eller annat material och verk p\u00e5 mina webbsidor, skulle jag g\u00f6ra det s\u00e5 kollar jag alltid om f\u00e5r det. Annars anv\u00e4nder jag egna bilder, och liknande vilket \u00e4r det l\u00e4ttaste f\u00f6r att s\u00e4kerst\u00e4lla att man inte bryter mot upphovsr\u00e4ttslagen.<\/p>\n\n\n\n<p>G\u00e4llande GDPR s\u00e5 \u00e4r det just nu inget problem d\u00e5 mina webbsidor inte beh\u00f6ver samla in information om folk.<\/p>\n\n\n\n<h4 class=\"wp-block-heading\">Har jag brutit mot n\u00e5gra av dessa lagar?<\/h4>\n\n\n\n<p>P\u00e5grund av att jag inte anv\u00e4nder verk f\u00f6rutom dom bilderna som \u00e4r del av uppgifterna p\u00e5 kursolle s\u00e5 bryter jag inte mot upphovsr\u00e4ttslagen d\u00e5 jag endast anv\u00e4nder det i skoluppgifter och l\u00e4rosyfte, exempel \u00e4r Paolos Webb uppgiften d\u00e4r en bilds anv\u00e4nds som ligger uppe p\u00e5 Pexels, Pexels \u00e4r helt fritt att anv\u00e4nda och man f\u00e5r redigera. Sen \u00e4r annat material i uppgifterna s\u00e5nt som man f\u00e5r anv\u00e4nda d\u00e5 min l\u00e4rare har bett oss anv\u00e4nda specifika bilder eller typsnitt. S\u00e5 ser jag inte hur jag kan ha brutit mot varken Upphovsr\u00e4ttslagen eller GDPR.<\/p>\n\n\n\n<h2 class=\"wp-block-heading\">Hur vill jag att mitt material ska skyddas?<\/h2>\n\n\n\n<p>G\u00e4llande det jag skapar och l\u00e4gger upp p\u00e5 min wordpress eller <a href=\"https:\/\/als080717od.hemsida.eu\/projekt\/index.html\" data-type=\"link\" data-id=\"https:\/\/als080717od.hemsida.eu\/projekt\/index.html\">projektsidan<\/a> s\u00e5 kan man anv\u00e4nda projekten enligt Kursolle d\u00e5 det \u00e4r uppgifter och inl\u00e4mningar som anv\u00e4nds i l\u00e4rosyfte h\u00e4mtat fr\u00e5n kursolle. Sen \u00e4r alla uppgifter med material som jag f\u00e5r fr\u00e5n Kursolle som anv\u00e4nds f\u00f6r att l\u00e4ra ut. G\u00e4llande WordPress inl\u00e4ggen s\u00e5 f\u00e5r man g\u00e4rna kika och s\u00e5 d\u00e5 jag skriver om det jag l\u00e4r mig och har gjort.<\/p>\n","protected":false},"excerpt":{"rendered":"<p>GDPR, Upphovsr\u00e4ttlagen och CC GDPR, Upphovsr\u00e4ttlagen och CC (Creative Commons) \u00e4r alla viktiga lagar. GDPR f\u00f6r att skydda anv\u00e4ndares information och alltid ha till\u00e5telse att g\u00f6ra det ifall sidan beh\u00f6ver det. Upphovsr\u00e4ttlagen skyddar dina verk s\u00e5som musik, bilder och mer fr\u00e5n att andra ska kunna anv\u00e4nda det, prim\u00e4rt i kommerciellt syfte. Creative Commons underl\u00e4ttar att [&hellip;]<\/p>\n","protected":false},"author":1,"featured_media":0,"comment_status":"open","ping_status":"open","sticky":false,"template":"","format":"standard","meta":{"footnotes":""},"categories":[9],"tags":[],"class_list":["post-83","post","type-post","status-publish","format-standard","hentry","category-m07"],"_links":{"self":[{"href":"https:\/\/wp.als080717od.hemsida.eu\/index.php\/wp-json\/wp\/v2\/posts\/83","targetHints":{"allow":["GET"]}}],"collection":[{"href":"https:\/\/wp.als080717od.hemsida.eu\/index.php\/wp-json\/wp\/v2\/posts"}],"about":[{"href":"https:\/\/wp.als080717od.hemsida.eu\/index.php\/wp-json\/wp\/v2\/types\/post"}],"author":[{"embeddable":true,"href":"https:\/\/wp.als080717od.hemsida.eu\/index.php\/wp-json\/wp\/v2\/users\/1"}],"replies":[{"embeddable":true,"href":"https:\/\/wp.als080717od.hemsida.eu\/index.php\/wp-json\/wp\/v2\/comments?post=83"}],"version-history":[{"count":1,"href":"https:\/\/wp.als080717od.hemsida.eu\/index.php\/wp-json\/wp\/v2\/posts\/83\/revisions"}],"predecessor-version":[{"id":84,"href":"https:\/\/wp.als080717od.hemsida.eu\/index.php\/wp-json\/wp\/v2\/posts\/83\/revisions\/84"}],"wp:attachment":[{"href":"https:\/\/wp.als080717od.hemsida.eu\/index.php\/wp-json\/wp\/v2\/media?parent=83"}],"wp:term":[{"taxonomy":"category","embeddable":true,"href":"https:\/\/wp.als080717od.hemsida.eu\/index.php\/wp-json\/wp\/v2\/categories?post=83"},{"taxonomy":"post_tag","embeddable":true,"href":"https:\/\/wp.als080717od.hemsida.eu\/index.php\/wp-json\/wp\/v2\/tags?post=83"}],"curies":[{"name":"wp","href":"https:\/\/api.w.org\/{rel}","templated":true}]}}